{"id":4544,"date":"2026-04-26T15:56:45","date_gmt":"2026-04-26T15:56:45","guid":{"rendered":"https:\/\/parafiarzepiennik.pl\/?p=4544"},"modified":"2026-04-26T15:56:46","modified_gmt":"2026-04-26T15:56:46","slug":"ogloszenia-26-04-2026","status":"publish","type":"post","link":"https:\/\/parafiarzepiennik.pl\/?p=4544","title":{"rendered":"Og\u0142oszenia 26.04.2026"},"content":{"rendered":"\n<p><strong>IV NIEDZIELA WIELKANOCNA &#8211; 26.04.26r.<\/strong><\/p>\n\n\n\n<p>1.&nbsp;&nbsp; Dzi\u015b ostatnia niedziela miesi\u0105ca Tradycyjna adoracja od 15-16.00 -okazja do spowiedzi.&nbsp;&nbsp;&nbsp;&nbsp;&nbsp;&nbsp;&nbsp;&nbsp;&nbsp;&nbsp;&nbsp;&nbsp;&nbsp;&nbsp;&nbsp;&nbsp;&nbsp;&nbsp;&nbsp;&nbsp;&nbsp;&nbsp;&nbsp;&nbsp;&nbsp;&nbsp;&nbsp;&nbsp;&nbsp;&nbsp;&nbsp;&nbsp;&nbsp;&nbsp;&nbsp;&nbsp;&nbsp;&nbsp;&nbsp;&nbsp;&nbsp;&nbsp;&nbsp;&nbsp;&nbsp;&nbsp;&nbsp;&nbsp;&nbsp;&nbsp;&nbsp;&nbsp;&nbsp;&nbsp;&nbsp;&nbsp;&nbsp;&nbsp;&nbsp;&nbsp;&nbsp;&nbsp;&nbsp;&nbsp;&nbsp;<\/p>\n\n\n\n<p>2.\u00a0\u00a0 <strong>W pi\u0105tek rozpoczynamy nabo\u017ce\u0144stwa majowe, kt\u00f3re b\u0119dziemy odprawia\u0107 w po\u0142\u0105czeniu ze Msz\u0105 \u015bw. wieczorn\u0105<\/strong>. \u00a0\u00a0Zach\u0119camy do licznego udzia\u0142u w nabo\u017ce\u0144stwach majowych jak r\u00f3wnie\u017c do odprawiania \u201emaj\u00f3wek\u201d przy kapliczkach.\u00a0<\/p>\n\n\n\n<p>3<strong>. &nbsp;&nbsp;&nbsp;<\/strong>W \u015brod\u0119 od godz. <strong>17.00-18.00 spowied\u017a<\/strong> przed pierwszym pi\u0105tkiem miesi\u0105ca. Zapraszamy na Msz\u0119 \u015bw. wieczorn\u0105 dzieci i rodzic\u00f3w klas III w ramach przygotowania do I Komunii.<\/p>\n\n\n\n<p><a>4.&nbsp;&nbsp;&nbsp; W tym tygodniu przypada pierwszy&nbsp; pi\u0105tek i pierwsza sobota :<\/a><\/p>\n\n\n\n<p>\u00a0\u00a0\u00a0\u00a0 \u00a0\u00a0Msze \u015bw.: &#8211; w ko\u015bciele parafialnym w I pi\u0105tek &#8211; o godz. <strong>6.30 i o 18,00. \u00a0<\/strong>&#8211;\u00a0 w kaplicy \u015bw. Brata Alberta &#8211; o godz. <strong>15.30,<\/strong><\/p>\n\n\n\n<p><strong>\u00a0\u00a0\u00a0\u00a0\u00a0 b) <\/strong><strong><u>wyjazd do<\/u><\/strong> <strong>chorych<\/strong> w Rzepienniku Biskupim, \u00a0Strzy\u017cewskim\u00a0\u00a0o <strong>godz. \u00a08,00,<\/strong><\/p>\n\n\n\n<p>5.\u00a0\u00a0 <strong><u>W sobot\u0119 \u00a0przeniesiona Uroczysto\u015b\u0107 MB Kr\u00f3lowej Polski.\u00a0<\/u><\/strong>Msze \u015bw. do po\u0142udnia w ko\u015bciele parafialnym i na dojazdach \u00a0\u00a0<strong>wg porz\u0105dku niedzielnego. <\/strong>\u00a0Msza \u015bw. wieczorna o godz. <strong>16.00 w int. Stra\u017cak\u00f3w<\/strong> \u017cyj\u0105cych i zmar\u0142ych !!!!\u00a0 Po Mszy \u015bw. dalsza cz\u0119\u015b\u0107 obchod\u00f3w Dnia Stra\u017caka przed Remiz\u0105.<\/p>\n\n\n\n<p>6.&nbsp;&nbsp; B\u00f3g zap\u0142a\u0107 za ofiary na remonty, kt\u00f3re z\u0142o\u017cyli:<\/p>\n\n\n\n<p>\u00a0\u00a0\u00a0\u00a0\u00a0\u00a0\u00a0\u00a0 Nauczyciele i Pracownicy SP <strong>w Kwiatonowicach,<\/strong> \u00a0Marcin i Barbara \u0141ajka <strong>\u2013 Chojnik , <\/strong>Otylia Roman-<strong> Warszawa<\/strong><\/p>\n\n\n\n<p>\u00a0 \u00a0\u00a0\u00a0\u00a0\u00a0<strong>z Rzepiennika Biskupiego: <\/strong>Maria i J\u00f3zef Gogola, Aneta Dzika,\u00a0 <strong>z: Rzepiennika Strzy\u017cewskiego;, <\/strong>Krystyna Naw\u00f3j, Helena i Edward Cudek, Dorota i Mariusz Chmura, Bogus\u0142awa Szewczyk ,<strong> \u00a0\u00a0\u00a0z Ko\u0142k\u00f3wki<\/strong> Stanis\u0142aw i Gra\u017cyna Kie\u0142tyka , Maria R\u0105pa\u0142a<\/p>\n\n\n\n<p>7.&nbsp;&nbsp; B\u00f3g zap\u0142a\u0107! za sprz\u0105tanie ko\u015bcio\u0142a parafialnego i ofiary na \u015brodki czysto\u015bci Osobom:. Justynie Wantuch, Helenie Dziki, Joannie Madej , Aleksandrze Sobczyk\/ koniec rejonu G\u0105siory\/&nbsp; <strong><u>W nast\u0119pnym tygodniu sprz\u0105tanie w pi\u0105tek po Mszy wieczornej.<\/u><\/strong> Dzi\u0119kujemy r\u00f3wnie\u017c tym, kt\u00f3rzy sprz\u0105tali ko\u015bci\u00f3\u0142ek i kaplic\u0119 w Ko\u0142k\u00f3wce. &nbsp;&nbsp;&nbsp;<\/p>\n\n\n\n<p>8.\u00a0\u00a0 Uroczysty Chrzest dzieci b\u0119dzie w naszej parafii 10 maja o godz. 11.00.I Komunia \u015bw. w 17. Maja o godz. 11.00;\u00a0\u00a0 za\u015b Rocznica I Komunii\u00a0 31 maja o godz. 8.00.<\/p>\n","protected":false},"excerpt":{"rendered":"<p>IV NIEDZIELA WIELKANOCNA &#8211; 26.04.26r. 1.&nbsp;&nbsp; Dzi\u015b ostatnia niedziela miesi\u0105ca Tradycyjna adoracja od 15-16.00 -okazja do spowiedzi.&nbsp;&nbsp;&nbsp;&nbsp;&nbsp;&nbsp;&nbsp;&nbsp;&nbsp;&nbsp;&nbsp;&nbsp;&nbsp;&nbsp;&nbsp;&nbsp;&nbsp;&nbsp;&nbsp;&nbsp;&nbsp;&nbsp;&nbsp;&nbsp;&nbsp;&nbsp;&nbsp;&nbsp;&nbsp;&nbsp;&nbsp;&nbsp;&nbsp;&nbsp;&nbsp;&nbsp;&nbsp;&nbsp;&nbsp;&nbsp;&nbsp;&nbsp;&nbsp;&nbsp;&nbsp;&nbsp;&nbsp;&nbsp;&nbsp;&nbsp;&nbsp;&nbsp;&nbsp;&nbsp;&nbsp;&nbsp;&nbsp;&nbsp;&nbsp;&nbsp;&nbsp;&nbsp;&nbsp;&nbsp;&nbsp; [&hellip;]<\/p>\n","protected":false},"author":1,"featured_media":2308,"comment_status":"closed","ping_status":"closed","sticky":false,"template":"","format":"standard","meta":{"ngg_post_thumbnail":0},"categories":[7],"tags":[],"_links":{"self":[{"href":"https:\/\/parafiarzepiennik.pl\/index.php?rest_route=\/wp\/v2\/posts\/4544"}],"collection":[{"href":"https:\/\/parafiarzepiennik.pl\/index.php?rest_route=\/wp\/v2\/posts"}],"about":[{"href":"https:\/\/parafiarzepiennik.pl\/index.php?rest_route=\/wp\/v2\/types\/post"}],"author":[{"embeddable":true,"href":"https:\/\/parafiarzepiennik.pl\/index.php?rest_route=\/wp\/v2\/users\/1"}],"replies":[{"embeddable":true,"href":"https:\/\/parafiarzepiennik.pl\/index.php?rest_route=%2Fwp%2Fv2%2Fcomments&post=4544"}],"version-history":[{"count":1,"href":"https:\/\/parafiarzepiennik.pl\/index.php?rest_route=\/wp\/v2\/posts\/4544\/revisions"}],"predecessor-version":[{"id":4545,"href":"https:\/\/parafiarzepiennik.pl\/index.php?rest_route=\/wp\/v2\/posts\/4544\/revisions\/4545"}],"wp:featuredmedia":[{"embeddable":true,"href":"https:\/\/parafiarzepiennik.pl\/index.php?rest_route=\/wp\/v2\/media\/2308"}],"wp:attachment":[{"href":"https:\/\/parafiarzepiennik.pl\/index.php?rest_route=%2Fwp%2Fv2%2Fmedia&parent=4544"}],"wp:term":[{"taxonomy":"category","embeddable":true,"href":"https:\/\/parafiarzepiennik.pl\/index.php?rest_route=%2Fwp%2Fv2%2Fcategories&post=4544"},{"taxonomy":"post_tag","embeddable":true,"href":"https:\/\/parafiarzepiennik.pl\/index.php?rest_route=%2Fwp%2Fv2%2Ftags&post=4544"}],"curies":[{"name":"wp","href":"https:\/\/api.w.org\/{rel}","templated":true}]}}