{"id":4542,"date":"2026-04-26T15:51:59","date_gmt":"2026-04-26T15:51:59","guid":{"rendered":"https:\/\/parafiarzepiennik.pl\/?p=4542"},"modified":"2026-04-26T15:51:59","modified_gmt":"2026-04-26T15:51:59","slug":"intencje-mszalne-27-04-03-05-2026","status":"publish","type":"post","link":"https:\/\/parafiarzepiennik.pl\/?p=4542","title":{"rendered":"Intencje Mszalne 27.04 &#8211; 03.05.2026"},"content":{"rendered":"\n<figure class=\"wp-block-table\"><table><tbody><tr><td rowspan=\"2\"><strong>Poniedzia\u0142ek<\/strong> 27.06.2026<\/td><td>6.30<\/td><td>+ Julian Bajorek -1r. \u015bm. \u2013 od \u017cony i dzieci<\/td><\/tr><tr><td>6.30<\/td><td>+ Wac\u0142aw Osika &nbsp;<\/td><\/tr><tr><td rowspan=\"2\"><strong>Wtorek<\/strong> 28.04.2026<\/td><td>6.30<\/td><td>+ W\u0142adys\u0142aw Mo\u017adzierz \u2013 15 r. \u015bm<\/td><\/tr><tr><td>6.30<\/td><td>Z podz. otrzymane \u0142aski i pro\u015bba o dalsze dla Wiktora- z ok 18 Urodzin \u2013 od rodzic\u00f3w i siostry<\/td><\/tr><tr><td rowspan=\"3\"><strong>&nbsp;<\/strong> <strong>\u015aroda<\/strong> 29.04.2026<\/td><td>6.30<\/td><td>W int. Panu Bogu wiadomej<\/td><\/tr><tr><td>6.30<\/td><td>O powr\u00f3t do zdrowia dla pewnej osoby<\/td><\/tr><tr><td>18.00<\/td><td>+ Zofia i Jan G\u0105sior \u2013 od c\u00f3rki Heleny z rodz.<\/td><\/tr><tr><td rowspan=\"2\"><strong>Czwartek<\/strong> 30.04.2026<\/td><td>6.30<\/td><td>O zdrowie i potrzebne \u0142aski dla Oliwki i ca\u0142ej rodz.<\/td><\/tr><tr><td>6.30<\/td><td>+ Boles\u0142aw Martyka \u2013 od c\u00f3rki Bo\u017ceny z rodz.<\/td><\/tr><tr><td rowspan=\"4\"><strong>&nbsp;&nbsp;&nbsp;&nbsp;&nbsp; Pi\u0105tek<\/strong> &nbsp;&nbsp; 1.05.2026<\/td><td>6.30<\/td><td>+ Zofia i Wojciech Roman<\/td><\/tr><tr><td>6.30<\/td><td>+ Eugeniusz \u0141opatkiewicz \u2013 od c\u00f3rki Beaty<\/td><\/tr><tr><td>15.30<\/td><td><strong><u>Ko\u0142k\u00f3wka <\/u><\/strong>+ Feliks R\u0105pa\u0142a \u2013 od c\u00f3rki Agnieszki<\/td><\/tr><tr><td>18.00<\/td><td>+ Zofia i Wojciech Gomu\u0142ka, Janina i Edward Mr\u00f3z \u2013 od Wies\u0142awy i Jana Gomu\u0142ka<\/td><\/tr><tr><td rowspan=\"6\"><strong>&nbsp;<\/strong> <strong>Sobota<\/strong> 2.05.2026<\/td><td>8.00<\/td><td>+ Stanis\u0142aw S\u0142owik \u2013 5 r. \u015bm.<\/td><\/tr><tr><td>8.00<\/td><td>Z podz. otrzymane \u0142aski i pro\u015bba o dalsze dla Bartosza &#8211; z ok 18 Urodzin \u2013&nbsp; z int. dziadk\u00f3w<\/td><\/tr><tr><td>9.30<\/td><td><strong><u>Ko\u015bci\u00f3\u0142ek<\/u><\/strong> + Stanis\u0142aw Wal &#8211; od Gra\u017cyny i Stanis\u0142awa Kie\u0142tyka<\/td><\/tr><tr><td>9.30<\/td><td><strong><u>Ko\u0142k\u00f3wka <\/u><\/strong>+ El\u017cbieta Martyka \u2013 od c\u00f3rki Bo\u017ceny z rodz.<\/td><\/tr><tr><td>11.00<\/td><td>+ Janusz G\u0105sior, Stanis\u0142aw W\u0105sowski \u2013 od Wies\u0142awa z rodz.<\/td><\/tr><tr><td>16.00<\/td><td>O potrzebne \u0142aski dla Druh\u00f3w i Druhen OSP z naszej parafii i ich rodzin oraz za zmar\u0142ych z naszych Jednostek<\/td><\/tr><tr><td rowspan=\"5\"><strong>&nbsp;<\/strong> <strong>NIEDZIELA<\/strong> 3.05.2026<\/td><td>8.00<\/td><td>+ Krystyna, Marian, W\u0142adys\u0142awa i Stanis\u0142aw Kucharzykowie<\/td><\/tr><tr><td>9.30<\/td><td><strong><u>Ko\u015bci\u00f3\u0142ek<\/u><\/strong> + Tadeusz Kurczab<\/td><\/tr><tr><td>9.30<\/td><td><strong><u>Ko\u0142k\u00f3wka <\/u><\/strong>O zdrowie i potrzebne \u0142aski dla Cz\u0142onki\u0144 r\u00f3\u017cy Haliny Wszo\u0142ek i za zm. z tej r\u00f3\u017cy.<\/td><\/tr><tr><td>11.00<\/td><td>+ Piotr Wszo\u0142ek<\/td><\/tr><tr><td>16.00<\/td><td>+ Jan Kie\u0142tyka<\/td><\/tr><\/tbody><\/table><figcaption class=\"wp-element-caption\">W Tibilisi w Gruzji \u00a0\u00a0od 1 kwietnia \u00a0greg za + CZES\u0141AW\u0118 KONARSK\u0104 za + HELEN\u0118 MARKOWICZ za <strong>+ STANIS\u0141AWA WALA od 1 maja<\/strong> !!!<strong><u> W Boliwii ks. W\u0142adys\u0142aw Wiktorek odprawi<\/u><\/strong>: w tym tygodniu pn-pt <strong>+ <\/strong>MARIA BUDZAN \u2013 5 INT<\/figcaption><\/figure>\n","protected":false},"excerpt":{"rendered":"<p>Poniedzia\u0142ek 27.06.2026 6.30 + Julian Bajorek -1r. \u015bm. \u2013 od \u017cony i dzieci 6.30 + Wac\u0142aw Osika [&hellip;]<\/p>\n","protected":false},"author":1,"featured_media":2309,"comment_status":"closed","ping_status":"closed","sticky":false,"template":"","format":"standard","meta":{"ngg_post_thumbnail":0},"categories":[6],"tags":[],"_links":{"self":[{"href":"https:\/\/parafiarzepiennik.pl\/index.php?rest_route=\/wp\/v2\/posts\/4542"}],"collection":[{"href":"https:\/\/parafiarzepiennik.pl\/index.php?rest_route=\/wp\/v2\/posts"}],"about":[{"href":"https:\/\/parafiarzepiennik.pl\/index.php?rest_route=\/wp\/v2\/types\/post"}],"author":[{"embeddable":true,"href":"https:\/\/parafiarzepiennik.pl\/index.php?rest_route=\/wp\/v2\/users\/1"}],"replies":[{"embeddable":true,"href":"https:\/\/parafiarzepiennik.pl\/index.php?rest_route=%2Fwp%2Fv2%2Fcomments&post=4542"}],"version-history":[{"count":1,"href":"https:\/\/parafiarzepiennik.pl\/index.php?rest_route=\/wp\/v2\/posts\/4542\/revisions"}],"predecessor-version":[{"id":4543,"href":"https:\/\/parafiarzepiennik.pl\/index.php?rest_route=\/wp\/v2\/posts\/4542\/revisions\/4543"}],"wp:featuredmedia":[{"embeddable":true,"href":"https:\/\/parafiarzepiennik.pl\/index.php?rest_route=\/wp\/v2\/media\/2309"}],"wp:attachment":[{"href":"https:\/\/parafiarzepiennik.pl\/index.php?rest_route=%2Fwp%2Fv2%2Fmedia&parent=4542"}],"wp:term":[{"taxonomy":"category","embeddable":true,"href":"https:\/\/parafiarzepiennik.pl\/index.php?rest_route=%2Fwp%2Fv2%2Fcategories&post=4542"},{"taxonomy":"post_tag","embeddable":true,"href":"https:\/\/parafiarzepiennik.pl\/index.php?rest_route=%2Fwp%2Fv2%2Ftags&post=4542"}],"curies":[{"name":"wp","href":"https:\/\/api.w.org\/{rel}","templated":true}]}}