{"id":3979,"date":"2025-07-25T20:14:00","date_gmt":"2025-07-25T20:14:00","guid":{"rendered":"https:\/\/parafiarzepiennik.pl\/?p=3979"},"modified":"2025-09-04T17:19:07","modified_gmt":"2025-09-04T17:19:07","slug":"ocalic-od-zapomnienia","status":"publish","type":"post","link":"https:\/\/parafiarzepiennik.pl\/?p=3979","title":{"rendered":"Ocali\u0107 od zapomnienia&#8230;"},"content":{"rendered":"\n<p>Dnia 18 lipca go\u015bcili\u015bmy w naszej parafialnej \u015bwi\u0105tyni &#8222;zesp\u00f3\u0142 redakcyjny&#8221; powstaj\u0105cej ksi\u0105\u017cki o tw\u00f3rcy polichromii Janie Bulasie. By\u0142a to okazja to wymiany pogl\u0105d\u00f3w na temat dost\u0119pnych materia\u0142\u00f3w zwi\u0105zanych z jego osob\u0105. Inicjatork\u0105 tego spotkania by\u0142a p. Anna Maria Sto\u017cek z Por\u0119by Wielkiej szukaj\u0105ca prawdy o \u017cyciu i tw\u00f3rczo\u015bci artysty.<\/p>\n","protected":false},"excerpt":{"rendered":"<p>Dnia 18 lipca go\u015bcili\u015bmy w naszej parafialnej \u015bwi\u0105tyni &#8222;zesp\u00f3\u0142 redakcyjny&#8221; powstaj\u0105cej ksi\u0105\u017cki o tw\u00f3rcy polichromii Janie Bulasie. [&hellip;]<\/p>\n","protected":false},"author":1,"featured_media":3980,"comment_status":"closed","ping_status":"closed","sticky":false,"template":"","format":"standard","meta":{"ngg_post_thumbnail":0},"categories":[3],"tags":[],"_links":{"self":[{"href":"https:\/\/parafiarzepiennik.pl\/index.php?rest_route=\/wp\/v2\/posts\/3979"}],"collection":[{"href":"https:\/\/parafiarzepiennik.pl\/index.php?rest_route=\/wp\/v2\/posts"}],"about":[{"href":"https:\/\/parafiarzepiennik.pl\/index.php?rest_route=\/wp\/v2\/types\/post"}],"author":[{"embeddable":true,"href":"https:\/\/parafiarzepiennik.pl\/index.php?rest_route=\/wp\/v2\/users\/1"}],"replies":[{"embeddable":true,"href":"https:\/\/parafiarzepiennik.pl\/index.php?rest_route=%2Fwp%2Fv2%2Fcomments&post=3979"}],"version-history":[{"count":3,"href":"https:\/\/parafiarzepiennik.pl\/index.php?rest_route=\/wp\/v2\/posts\/3979\/revisions"}],"predecessor-version":[{"id":4060,"href":"https:\/\/parafiarzepiennik.pl\/index.php?rest_route=\/wp\/v2\/posts\/3979\/revisions\/4060"}],"wp:featuredmedia":[{"embeddable":true,"href":"https:\/\/parafiarzepiennik.pl\/index.php?rest_route=\/wp\/v2\/media\/3980"}],"wp:attachment":[{"href":"https:\/\/parafiarzepiennik.pl\/index.php?rest_route=%2Fwp%2Fv2%2Fmedia&parent=3979"}],"wp:term":[{"taxonomy":"category","embeddable":true,"href":"https:\/\/parafiarzepiennik.pl\/index.php?rest_route=%2Fwp%2Fv2%2Fcategories&post=3979"},{"taxonomy":"post_tag","embeddable":true,"href":"https:\/\/parafiarzepiennik.pl\/index.php?rest_route=%2Fwp%2Fv2%2Ftags&post=3979"}],"curies":[{"name":"wp","href":"https:\/\/api.w.org\/{rel}","templated":true}]}}