{"id":3946,"date":"2025-07-03T17:26:58","date_gmt":"2025-07-03T17:26:58","guid":{"rendered":"https:\/\/parafiarzepiennik.pl\/?p=3946"},"modified":"2025-07-03T17:26:59","modified_gmt":"2025-07-03T17:26:59","slug":"idzcie-i-gloscie","status":"publish","type":"post","link":"https:\/\/parafiarzepiennik.pl\/?p=3946","title":{"rendered":"ID\u0179CIE I G\u0141O\u015aCIE &#8230;"},"content":{"rendered":"\n<p>26 czerwca nasz kleryk Krzysztof Ma\u0142opolski rozpocz\u0105\u0142 miesi\u0119czn\u0105 praktyk\u0119 misyjn\u0105 na czarnym l\u0105dzie. Polecajmy go Bogu w naszych modlitwach.<\/p>\n","protected":false},"excerpt":{"rendered":"<p>26 czerwca nasz kleryk Krzysztof Ma\u0142opolski rozpocz\u0105\u0142 miesi\u0119czn\u0105 praktyk\u0119 misyjn\u0105 na czarnym l\u0105dzie. Polecajmy go Bogu w [&hellip;]<\/p>\n","protected":false},"author":1,"featured_media":3947,"comment_status":"closed","ping_status":"closed","sticky":false,"template":"","format":"standard","meta":{"ngg_post_thumbnail":0},"categories":[3],"tags":[],"_links":{"self":[{"href":"https:\/\/parafiarzepiennik.pl\/index.php?rest_route=\/wp\/v2\/posts\/3946"}],"collection":[{"href":"https:\/\/parafiarzepiennik.pl\/index.php?rest_route=\/wp\/v2\/posts"}],"about":[{"href":"https:\/\/parafiarzepiennik.pl\/index.php?rest_route=\/wp\/v2\/types\/post"}],"author":[{"embeddable":true,"href":"https:\/\/parafiarzepiennik.pl\/index.php?rest_route=\/wp\/v2\/users\/1"}],"replies":[{"embeddable":true,"href":"https:\/\/parafiarzepiennik.pl\/index.php?rest_route=%2Fwp%2Fv2%2Fcomments&post=3946"}],"version-history":[{"count":1,"href":"https:\/\/parafiarzepiennik.pl\/index.php?rest_route=\/wp\/v2\/posts\/3946\/revisions"}],"predecessor-version":[{"id":3948,"href":"https:\/\/parafiarzepiennik.pl\/index.php?rest_route=\/wp\/v2\/posts\/3946\/revisions\/3948"}],"wp:featuredmedia":[{"embeddable":true,"href":"https:\/\/parafiarzepiennik.pl\/index.php?rest_route=\/wp\/v2\/media\/3947"}],"wp:attachment":[{"href":"https:\/\/parafiarzepiennik.pl\/index.php?rest_route=%2Fwp%2Fv2%2Fmedia&parent=3946"}],"wp:term":[{"taxonomy":"category","embeddable":true,"href":"https:\/\/parafiarzepiennik.pl\/index.php?rest_route=%2Fwp%2Fv2%2Fcategories&post=3946"},{"taxonomy":"post_tag","embeddable":true,"href":"https:\/\/parafiarzepiennik.pl\/index.php?rest_route=%2Fwp%2Fv2%2Ftags&post=3946"}],"curies":[{"name":"wp","href":"https:\/\/api.w.org\/{rel}","templated":true}]}}