{"id":3926,"date":"2025-06-22T18:00:05","date_gmt":"2025-06-22T18:00:05","guid":{"rendered":"https:\/\/parafiarzepiennik.pl\/?p=3926"},"modified":"2025-06-22T18:00:06","modified_gmt":"2025-06-22T18:00:06","slug":"odpust-w-kosciolku","status":"publish","type":"post","link":"https:\/\/parafiarzepiennik.pl\/?p=3926","title":{"rendered":"ODPUST W KO\u015aCI\u00d3\u0141KU"},"content":{"rendered":"\n<p>Jak co roku w ko\u015bci\u00f3\u0142ku \u015bw Jana w Rzepienniku Biskupim  odby\u0142 si\u0119 tradycyjny odpust, ku czci Patrona tego miejsca. S\u0142owo Bo\u017ce wyg\u0142osi\u0142 i Liturgii przewodniczy\u0142 ks. Adrian Fyda wikariusz z Ci\u0119\u017ckowic. Dzi\u0119kujemy wszystkim obecnym na Mszy \u015bw. i zaanga\u017cowanym w przygotowanie tej uroczysto\u015bci.<\/p>\n","protected":false},"excerpt":{"rendered":"<p>Jak co roku w ko\u015bci\u00f3\u0142ku \u015bw Jana w Rzepienniku Biskupim odby\u0142 si\u0119 tradycyjny odpust, ku czci Patrona [&hellip;]<\/p>\n","protected":false},"author":1,"featured_media":3927,"comment_status":"closed","ping_status":"closed","sticky":false,"template":"","format":"standard","meta":{"ngg_post_thumbnail":0},"categories":[3],"tags":[],"_links":{"self":[{"href":"https:\/\/parafiarzepiennik.pl\/index.php?rest_route=\/wp\/v2\/posts\/3926"}],"collection":[{"href":"https:\/\/parafiarzepiennik.pl\/index.php?rest_route=\/wp\/v2\/posts"}],"about":[{"href":"https:\/\/parafiarzepiennik.pl\/index.php?rest_route=\/wp\/v2\/types\/post"}],"author":[{"embeddable":true,"href":"https:\/\/parafiarzepiennik.pl\/index.php?rest_route=\/wp\/v2\/users\/1"}],"replies":[{"embeddable":true,"href":"https:\/\/parafiarzepiennik.pl\/index.php?rest_route=%2Fwp%2Fv2%2Fcomments&post=3926"}],"version-history":[{"count":1,"href":"https:\/\/parafiarzepiennik.pl\/index.php?rest_route=\/wp\/v2\/posts\/3926\/revisions"}],"predecessor-version":[{"id":3928,"href":"https:\/\/parafiarzepiennik.pl\/index.php?rest_route=\/wp\/v2\/posts\/3926\/revisions\/3928"}],"wp:featuredmedia":[{"embeddable":true,"href":"https:\/\/parafiarzepiennik.pl\/index.php?rest_route=\/wp\/v2\/media\/3927"}],"wp:attachment":[{"href":"https:\/\/parafiarzepiennik.pl\/index.php?rest_route=%2Fwp%2Fv2%2Fmedia&parent=3926"}],"wp:term":[{"taxonomy":"category","embeddable":true,"href":"https:\/\/parafiarzepiennik.pl\/index.php?rest_route=%2Fwp%2Fv2%2Fcategories&post=3926"},{"taxonomy":"post_tag","embeddable":true,"href":"https:\/\/parafiarzepiennik.pl\/index.php?rest_route=%2Fwp%2Fv2%2Ftags&post=3926"}],"curies":[{"name":"wp","href":"https:\/\/api.w.org\/{rel}","templated":true}]}}