{"id":3918,"date":"2025-06-22T16:46:35","date_gmt":"2025-06-22T16:46:35","guid":{"rendered":"https:\/\/parafiarzepiennik.pl\/?p=3918"},"modified":"2025-06-22T16:46:35","modified_gmt":"2025-06-22T16:46:35","slug":"anioly-sa-wsrod-nas","status":"publish","type":"post","link":"https:\/\/parafiarzepiennik.pl\/?p=3918","title":{"rendered":"ANIO\u0141Y S\u0104 W\u015aR\u00d3D NAS&#8230;"},"content":{"rendered":"\n<p>W dniach 13-15 czerwca po raz IX odby\u0142o si\u0119 Saletynskie spotkanie dzieci w Kobylance. Has\u0142em tegorocznego spotkania by\u0142o: ,,Anio\u0142y s\u0105 w\u015br\u00f3d nas&#8221;. Uwra\u017cliwienie \u00a0na obecno\u015b\u0107 dobrych ludzi, kt\u00f3rych mamy wok\u00f3\u0142 nas. Spo\u015br\u00f3d zaproszonych go\u015bci, kt\u00f3rzy wyg\u0142osili do uczestnik\u00f3w prelekcje byli: nasz ks. Bp Leszek Leszkiewicz. Cieszymy si\u0119, \u017ce w tym roku udzia\u0142 w spotkaniu wzi\u0119\u0142a grupa dzieci z naszej Parafii, a w znacznej cz\u0119\u015bci by\u0142y to dziewcz\u0119ta nale\u017c\u0105ce do grupy DSM oraz grupa dzieci z Parafii Turza.\u00a0\u00a0\u00a0\u00a0\u00a0\u00a0\u00a0\u00a0\u00a0\u00a0\u00a0\u00a0\u00a0\u00a0\u00a0\u00a0\u00a0\u00a0 Ju\u017c czekamy na kolejne Salety\u0144skie Spotkania Dzieci w Kobylance<\/p>\n","protected":false},"excerpt":{"rendered":"<p>W dniach 13-15 czerwca po raz IX odby\u0142o si\u0119 Saletynskie spotkanie dzieci w Kobylance. Has\u0142em tegorocznego spotkania [&hellip;]<\/p>\n","protected":false},"author":1,"featured_media":3919,"comment_status":"closed","ping_status":"closed","sticky":false,"template":"","format":"standard","meta":{"ngg_post_thumbnail":0},"categories":[3],"tags":[],"_links":{"self":[{"href":"https:\/\/parafiarzepiennik.pl\/index.php?rest_route=\/wp\/v2\/posts\/3918"}],"collection":[{"href":"https:\/\/parafiarzepiennik.pl\/index.php?rest_route=\/wp\/v2\/posts"}],"about":[{"href":"https:\/\/parafiarzepiennik.pl\/index.php?rest_route=\/wp\/v2\/types\/post"}],"author":[{"embeddable":true,"href":"https:\/\/parafiarzepiennik.pl\/index.php?rest_route=\/wp\/v2\/users\/1"}],"replies":[{"embeddable":true,"href":"https:\/\/parafiarzepiennik.pl\/index.php?rest_route=%2Fwp%2Fv2%2Fcomments&post=3918"}],"version-history":[{"count":1,"href":"https:\/\/parafiarzepiennik.pl\/index.php?rest_route=\/wp\/v2\/posts\/3918\/revisions"}],"predecessor-version":[{"id":3920,"href":"https:\/\/parafiarzepiennik.pl\/index.php?rest_route=\/wp\/v2\/posts\/3918\/revisions\/3920"}],"wp:featuredmedia":[{"embeddable":true,"href":"https:\/\/parafiarzepiennik.pl\/index.php?rest_route=\/wp\/v2\/media\/3919"}],"wp:attachment":[{"href":"https:\/\/parafiarzepiennik.pl\/index.php?rest_route=%2Fwp%2Fv2%2Fmedia&parent=3918"}],"wp:term":[{"taxonomy":"category","embeddable":true,"href":"https:\/\/parafiarzepiennik.pl\/index.php?rest_route=%2Fwp%2Fv2%2Fcategories&post=3918"},{"taxonomy":"post_tag","embeddable":true,"href":"https:\/\/parafiarzepiennik.pl\/index.php?rest_route=%2Fwp%2Fv2%2Ftags&post=3918"}],"curies":[{"name":"wp","href":"https:\/\/api.w.org\/{rel}","templated":true}]}}