{"id":3765,"date":"2025-04-26T17:53:09","date_gmt":"2025-04-26T17:53:09","guid":{"rendered":"https:\/\/parafiarzepiennik.pl\/?p=3765"},"modified":"2025-04-26T17:53:10","modified_gmt":"2025-04-26T17:53:10","slug":"przyjdz-duchu-swiety-z-moca-swa-do-naszych-dusz","status":"publish","type":"post","link":"https:\/\/parafiarzepiennik.pl\/?p=3765","title":{"rendered":"PRZYJD\u0179 DUCHU \u015aWI\u0118TY Z MOC\u0104 SW\u0104 DO NASZYCH DUSZ"},"content":{"rendered":"\n<p>W drugi dzie\u0144 \u015awi\u0105t Wielkanocnych o godz. 15.00 Ks Biskup Leszek Leszkiewicz  udzieli\u0142 Sakramentu Bierzmowania 27 osobom z naszej Parafii. M\u0142odzie\u017c zobowi\u0105za\u0142a si\u0119 do szczeg\u00f3lnej troski,  by odt\u0105d swoja wiar\u0119 odwa\u017cnie wyznawa\u0107, bronic jej i wed\u0142ug niej \u017cy\u0107.<\/p>\n","protected":false},"excerpt":{"rendered":"<p>W drugi dzie\u0144 \u015awi\u0105t Wielkanocnych o godz. 15.00 Ks Biskup Leszek Leszkiewicz udzieli\u0142 Sakramentu Bierzmowania 27 osobom [&hellip;]<\/p>\n","protected":false},"author":1,"featured_media":3768,"comment_status":"closed","ping_status":"closed","sticky":false,"template":"","format":"standard","meta":{"ngg_post_thumbnail":0},"categories":[3],"tags":[],"_links":{"self":[{"href":"https:\/\/parafiarzepiennik.pl\/index.php?rest_route=\/wp\/v2\/posts\/3765"}],"collection":[{"href":"https:\/\/parafiarzepiennik.pl\/index.php?rest_route=\/wp\/v2\/posts"}],"about":[{"href":"https:\/\/parafiarzepiennik.pl\/index.php?rest_route=\/wp\/v2\/types\/post"}],"author":[{"embeddable":true,"href":"https:\/\/parafiarzepiennik.pl\/index.php?rest_route=\/wp\/v2\/users\/1"}],"replies":[{"embeddable":true,"href":"https:\/\/parafiarzepiennik.pl\/index.php?rest_route=%2Fwp%2Fv2%2Fcomments&post=3765"}],"version-history":[{"count":1,"href":"https:\/\/parafiarzepiennik.pl\/index.php?rest_route=\/wp\/v2\/posts\/3765\/revisions"}],"predecessor-version":[{"id":3769,"href":"https:\/\/parafiarzepiennik.pl\/index.php?rest_route=\/wp\/v2\/posts\/3765\/revisions\/3769"}],"wp:featuredmedia":[{"embeddable":true,"href":"https:\/\/parafiarzepiennik.pl\/index.php?rest_route=\/wp\/v2\/media\/3768"}],"wp:attachment":[{"href":"https:\/\/parafiarzepiennik.pl\/index.php?rest_route=%2Fwp%2Fv2%2Fmedia&parent=3765"}],"wp:term":[{"taxonomy":"category","embeddable":true,"href":"https:\/\/parafiarzepiennik.pl\/index.php?rest_route=%2Fwp%2Fv2%2Fcategories&post=3765"},{"taxonomy":"post_tag","embeddable":true,"href":"https:\/\/parafiarzepiennik.pl\/index.php?rest_route=%2Fwp%2Fv2%2Ftags&post=3765"}],"curies":[{"name":"wp","href":"https:\/\/api.w.org\/{rel}","templated":true}]}}