{"id":3713,"date":"2025-04-13T11:55:41","date_gmt":"2025-04-13T11:55:41","guid":{"rendered":"https:\/\/parafiarzepiennik.pl\/?p=3713"},"modified":"2025-04-13T12:11:18","modified_gmt":"2025-04-13T12:11:18","slug":"konkurs-palm-2025","status":"publish","type":"post","link":"https:\/\/parafiarzepiennik.pl\/?p=3713","title":{"rendered":"Konkurs Palm 2025"},"content":{"rendered":"\n<p>W Niedziel\u0119 Palmow\u0105 oby\u0142 si\u0119 w naszym ko\u015bciele tradycyjny konkurs palm w trzech kategoriach : Palmy wysokie, Palmy &#8222;rzepiennickie&#8221; , oraz oryginalna dekoracja. Wyr\u00f3\u017cnienia otrzymali: Kordian S\u0142owik, Nikola i Ala Sykta, Aleksandra Bryndal Micha\u0142 Trzeciak, Karol Nowak, Piotr Brze\u017ca\u0144ski, Seweryn Starostka, Aleksander Starostka, Ma\u0142gorzata Bartusik, Antoni Wal, Otylia Habas. Ka\u017cde dziecko bior\u0105ce udzia\u0142 w konkursie otrzyma\u0142o pami\u0105tkowy upominek. GRATULUJEMY<\/p>\n","protected":false},"excerpt":{"rendered":"<p>W Niedziel\u0119 Palmow\u0105 oby\u0142 si\u0119 w naszym ko\u015bciele tradycyjny konkurs palm w trzech kategoriach : Palmy wysokie, [&hellip;]<\/p>\n","protected":false},"author":1,"featured_media":0,"comment_status":"closed","ping_status":"closed","sticky":false,"template":"","format":"standard","meta":{"ngg_post_thumbnail":0},"categories":[3],"tags":[],"_links":{"self":[{"href":"https:\/\/parafiarzepiennik.pl\/index.php?rest_route=\/wp\/v2\/posts\/3713"}],"collection":[{"href":"https:\/\/parafiarzepiennik.pl\/index.php?rest_route=\/wp\/v2\/posts"}],"about":[{"href":"https:\/\/parafiarzepiennik.pl\/index.php?rest_route=\/wp\/v2\/types\/post"}],"author":[{"embeddable":true,"href":"https:\/\/parafiarzepiennik.pl\/index.php?rest_route=\/wp\/v2\/users\/1"}],"replies":[{"embeddable":true,"href":"https:\/\/parafiarzepiennik.pl\/index.php?rest_route=%2Fwp%2Fv2%2Fcomments&post=3713"}],"version-history":[{"count":1,"href":"https:\/\/parafiarzepiennik.pl\/index.php?rest_route=\/wp\/v2\/posts\/3713\/revisions"}],"predecessor-version":[{"id":3715,"href":"https:\/\/parafiarzepiennik.pl\/index.php?rest_route=\/wp\/v2\/posts\/3713\/revisions\/3715"}],"wp:attachment":[{"href":"https:\/\/parafiarzepiennik.pl\/index.php?rest_route=%2Fwp%2Fv2%2Fmedia&parent=3713"}],"wp:term":[{"taxonomy":"category","embeddable":true,"href":"https:\/\/parafiarzepiennik.pl\/index.php?rest_route=%2Fwp%2Fv2%2Fcategories&post=3713"},{"taxonomy":"post_tag","embeddable":true,"href":"https:\/\/parafiarzepiennik.pl\/index.php?rest_route=%2Fwp%2Fv2%2Ftags&post=3713"}],"curies":[{"name":"wp","href":"https:\/\/api.w.org\/{rel}","templated":true}]}}